{"id":5578,"date":"2022-07-29T08:51:33","date_gmt":"2022-07-29T06:51:33","guid":{"rendered":"https:\/\/new.menshen.com\/?p=5578"},"modified":"2022-07-29T09:52:19","modified_gmt":"2022-07-29T07:52:19","slug":"balthasar-zu-besuch-bei-den-menshen-bienen","status":"publish","type":"post","link":"https:\/\/menshen.com\/de\/nachhaltigkeit\/balthasar-zu-besuch-bei-den-menshen-bienen\/","title":{"rendered":"\u201eBalthasar\u201c zu Besuch bei den MENSHEN-Bienen"},"content":{"rendered":"\r\n<div id=\"men-block-block_618e71fc76515\" class=\"container px-0 men-block men-header\">\r\n    <div class=\"row\">\r\n        <div class=\"col\">\r\n            <div class=\"cover\">\r\n                                    <img loading=\"lazy\" decoding=\"async\" width=\"1600\" height=\"639\" src=\"https:\/\/menshen.com\/wp-content\/uploads\/2021\/08\/Headerbilder03.jpg\" class=\"attachment-full size-full\" alt=\"\" srcset=\"https:\/\/menshen.com\/wp-content\/uploads\/2021\/08\/Headerbilder03.jpg 1600w, https:\/\/menshen.com\/wp-content\/uploads\/2021\/08\/Headerbilder03-300x120.jpg 300w, https:\/\/menshen.com\/wp-content\/uploads\/2021\/08\/Headerbilder03-600x240.jpg 600w, https:\/\/menshen.com\/wp-content\/uploads\/2021\/08\/Headerbilder03-1024x409.jpg 1024w, https:\/\/menshen.com\/wp-content\/uploads\/2021\/08\/Headerbilder03-768x307.jpg 768w, https:\/\/menshen.com\/wp-content\/uploads\/2021\/08\/Headerbilder03-1536x613.jpg 1536w\" sizes=\"auto, (max-width: 1600px) 100vw, 1600px\" \/>                \r\n                <div class=\"layer\" style=\"background-image: url('https:\/\/menshen.com\/wp-content\/themes\/menshen\/assets\/header-layer\/Verlauf_16.svg')\">\r\n                                    <\/div>\r\n            <\/div>\r\n\r\n            <div class=\"text\">\r\n                <h1>\r\n                    <strong>&#8222;Balthasar&#8220; zu Besuch<\/strong><br>\r\n                    bei den Menshen-Bienen                <\/h1>\r\n            <\/div>\r\n        <\/div>\r\n    <\/div>\r\n<\/div>\r\n\n\n\n<div style=\"height:80px\" aria-hidden=\"true\" class=\"wp-block-spacer\"><\/div>\n\n\n\n<h2 class=\"has-text-align-center has-large-font-size wp-block-heading\" id=\"dr-klaus-skrodolies-comes-on-board-as-chief-innovation-officer\"><strong>\u201eBalthasar\u201c zu Besuch bei den MENSHEN-Bienen<\/strong><\/h2>\n\n\n\n<p class=\"has-large-font-size\"><\/p>\n\n\n\n<p>Im Rahmen der Spenden\u00fcbergabe von MENSHEN an das Kinder- und Jugendhospiz Balthasar im Januar (<a href=\"https:\/\/new.menshen.com\/de\/corporate-social-responsibility\/spendenuebergabe-an-kinder-und-jugendhospiz-in-olpe\/\">hier geht es zum Artikel<\/a>) kam die Idee auf, die G\u00e4ste der Einrichtung, deren Geschwister und Eltern und nat\u00fcrlich auch das Personal von \u201eBalthasar\u201c zu einer Exkursion zu den Bienen einzuladen, die im letzten Jahr so flei\u00dfig Honig produziert haben. Imker Thilo Maier, der die MENSHEN-Bienen pflegt und betreut, war sofort Feuer und Flamme von der guten Idee und hatte sich sofort bereit erkl\u00e4rt, von seinem au\u00dfergew\u00f6hnlichen Beruf und den Bienen zu erz\u00e4hlen. Schnell wurde ein gemeinsamer Termin gefunden und der Ausflug konnte organisiert werden.<\/p>\n\n\n\n<p>Heute war es nun soweit, dass Kinder, Eltern sowie Elisa Thomsen und Ricarda Otto aus dem psychosozialen Team des Kinderhospizes den Weg nach Finnentrop-Frielentrop antraten, um sich dort von Thilo direkt am Bienenstock einige sehr interessante und spannende Informationen und Details zum Thema Bienen und Honig zeigen und erkl\u00e4ren zu lassen. Bei tollem Wetter und guter Stimmung war dies ein willkommener und au\u00dfergew\u00f6hnlicher Ausflug f\u00fcr alle Mitgereisten.<\/p>\n\n\n\n<p>Ein ganz besonderer Dank geht an Thilo, der sich ganz viel Zeit f\u00fcr die Kinder und Erwachsenen genommen hat, um allen das Bienenleben und die gesamte Natur anschaulich und nachvollziehbar etwas n\u00e4her zu bringen. \u201eGerne k\u00f6nnen wir das im Fr\u00fchjahr wiederholen, wenn die Bienen ihre Arbeit nach der Winterpause wieder aufnehmen\u201c, so der Imker am Schluss der Exkursion. Ein informativer und abwechslungsreicher Nachmittag f\u00fcr alle. \u00dcbrigens: Honig ist bei richtiger Lagerung nahezu unbegrenzt haltbar.<\/p>\n\n\n\n<figure class=\"wp-block-image aligncenter size-full men-max-w\"><img loading=\"lazy\" decoding=\"async\" width=\"960\" height=\"540\" src=\"https:\/\/new.menshen.com\/wp-content\/uploads\/2022\/07\/DSC_2171-web.jpg\" alt=\"\" class=\"wp-image-5582\" srcset=\"https:\/\/menshen.com\/wp-content\/uploads\/2022\/07\/DSC_2171-web.jpg 960w, https:\/\/menshen.com\/wp-content\/uploads\/2022\/07\/DSC_2171-web-300x169.jpg 300w, https:\/\/menshen.com\/wp-content\/uploads\/2022\/07\/DSC_2171-web-768x432.jpg 768w, https:\/\/menshen.com\/wp-content\/uploads\/2022\/07\/DSC_2171-web-600x338.jpg 600w\" sizes=\"auto, (max-width: 960px) 100vw, 960px\" \/><\/figure>\n\n\n\n<h2 class=\"wp-block-heading\"><\/h2>\n\n\n\n<p><\/p>\n\n\n\n\n\n\t\t\t<div class=\"wp-block-uagb-post-grid uagb-post-grid  uagb-post__image-position-top uagb-post__image-enabled uagb-block-d80364a0     uagb-post__items uagb-post__columns-3 is-grid uagb-post__columns-tablet-2 uagb-post__columns-mobile-1 uagb-post__equal-height\" data-total=\"15\" style=\"\">\n\n\t\t\t\t\t\t\t\t\t\t\t\t<article class=\"uagb-post__inner-wrap\">\t\t\t\t\t\t\t\t<div class='uagb-post__image'>\n\t\t\t\t\t\t\t\t\t<a href=\"https:\/\/menshen.com\/de\/corporate-social-responsibility\/spende-kinderhospiz-balthasar\/\" target=\"_self\" rel=\"bookmark noopener noreferrer\" class='uagb-image-ratio-inherit'><img loading=\"lazy\" decoding=\"async\" width=\"1024\" height=\"645\" src=\"https:\/\/menshen.com\/wp-content\/uploads\/2026\/03\/Kinderhospiz-Balthasar-Spende-1024x645.jpg\" class=\"attachment-large size-large\" alt=\"\" srcset=\"https:\/\/menshen.com\/wp-content\/uploads\/2026\/03\/Kinderhospiz-Balthasar-Spende-1024x645.jpg 1024w, https:\/\/menshen.com\/wp-content\/uploads\/2026\/03\/Kinderhospiz-Balthasar-Spende-300x189.jpg 300w, https:\/\/menshen.com\/wp-content\/uploads\/2026\/03\/Kinderhospiz-Balthasar-Spende-768x484.jpg 768w, https:\/\/menshen.com\/wp-content\/uploads\/2026\/03\/Kinderhospiz-Balthasar-Spende-600x378.jpg 600w, https:\/\/menshen.com\/wp-content\/uploads\/2026\/03\/Kinderhospiz-Balthasar-Spende.jpg 1501w\" sizes=\"auto, (max-width: 1024px) 100vw, 1024px\" \/>\t\t\t\t\t<\/a>\n\t\t\t\t\t\t\t<\/div>\n\t\t\t\t\t\t<h4 class=\"uagb-post__title uagb-post__text\">\n\t\t\t\t<a href=\"https:\/\/menshen.com\/de\/corporate-social-responsibility\/spende-kinderhospiz-balthasar\/\" target=\"_self\" rel=\"bookmark noopener noreferrer\">Honig f\u00fcr den guten Zweck: Spende ans Kinderhospiz Balthasar<\/a>\n\t\t\t<\/h4>\n\t\t\t\t\t\t<div class='uagb-post__text uagb-post-grid-byline'>\n\t\t\t\t\t\t\t<\/div>\n\t\t\t\t\t\t\t<div class='uagb-post__text uagb-post__excerpt'>\n\t\t\t\t\t<p>Honig f\u00fcr den guten Zweck: Spende ans Kinderhospiz Balthasar Am 27. Februar 2026 haben wir&#8230;\t\t\t\t<\/div>\n\t\t\t\t\t\t<div class=\"uagb-post__text uagb-post__cta wp-block-button\">\n\t\t\t\t<a class=\"wp-block-button__link uagb-text-link\" style=\"\" href=\"https:\/\/menshen.com\/de\/corporate-social-responsibility\/spende-kinderhospiz-balthasar\/\" target=\"_self\" rel=\"bookmark noopener noreferrer\">Weiterlesen<\/a>\n\t\t\t<\/div>\n\t\t\t\n\t\t\t\t\t\t\t\t\t<\/article>\n\t\t\t\t\t\t\t\t\t\t\t\t\t\t\t\t<article class=\"uagb-post__inner-wrap\">\t\t\t\t\t\t\t\t<div class='uagb-post__image'>\n\t\t\t\t\t\t\t\t\t<a href=\"https:\/\/menshen.com\/de\/sustainability\/investitionen-in-nachhaltiges-wachstum\/\" target=\"_self\" rel=\"bookmark noopener noreferrer\" class='uagb-image-ratio-inherit'><img loading=\"lazy\" decoding=\"async\" width=\"1024\" height=\"576\" src=\"https:\/\/menshen.com\/wp-content\/uploads\/2025\/11\/dp-menshen-investments-2025-11-featured-1024x576.jpg\" class=\"attachment-large size-large\" alt=\"\" srcset=\"https:\/\/menshen.com\/wp-content\/uploads\/2025\/11\/dp-menshen-investments-2025-11-featured-1024x576.jpg 1024w, https:\/\/menshen.com\/wp-content\/uploads\/2025\/11\/dp-menshen-investments-2025-11-featured-300x169.jpg 300w, https:\/\/menshen.com\/wp-content\/uploads\/2025\/11\/dp-menshen-investments-2025-11-featured-768x432.jpg 768w, https:\/\/menshen.com\/wp-content\/uploads\/2025\/11\/dp-menshen-investments-2025-11-featured-1536x864.jpg 1536w, https:\/\/menshen.com\/wp-content\/uploads\/2025\/11\/dp-menshen-investments-2025-11-featured-600x338.jpg 600w, https:\/\/menshen.com\/wp-content\/uploads\/2025\/11\/dp-menshen-investments-2025-11-featured.jpg 1920w\" sizes=\"auto, (max-width: 1024px) 100vw, 1024px\" \/>\t\t\t\t\t<\/a>\n\t\t\t\t\t\t\t<\/div>\n\t\t\t\t\t\t<h4 class=\"uagb-post__title uagb-post__text\">\n\t\t\t\t<a href=\"https:\/\/menshen.com\/de\/sustainability\/investitionen-in-nachhaltiges-wachstum\/\" target=\"_self\" rel=\"bookmark noopener noreferrer\">Investitionen in nachhaltiges Wachstum<\/a>\n\t\t\t<\/h4>\n\t\t\t\t\t\t<div class='uagb-post__text uagb-post-grid-byline'>\n\t\t\t\t\t\t\t<\/div>\n\t\t\t\t\t\t\t<div class='uagb-post__text uagb-post__excerpt'>\n\t\t\t\t\t<p>Wir investieren weiter in nachhaltiges Wachstum am Standort Deutschland Insgesamt drei neue Maschinen wurden k\u00fcrzlich&#8230;\t\t\t\t<\/div>\n\t\t\t\t\t\t<div class=\"uagb-post__text uagb-post__cta wp-block-button\">\n\t\t\t\t<a class=\"wp-block-button__link uagb-text-link\" style=\"\" href=\"https:\/\/menshen.com\/de\/sustainability\/investitionen-in-nachhaltiges-wachstum\/\" target=\"_self\" rel=\"bookmark noopener noreferrer\">Weiterlesen<\/a>\n\t\t\t<\/div>\n\t\t\t\n\t\t\t\t\t\t\t\t\t<\/article>\n\t\t\t\t\t\t\t\t\t\t\t\t\t\t\t\t<article class=\"uagb-post__inner-wrap\">\t\t\t\t\t\t\t\t<div class='uagb-post__image'>\n\t\t\t\t\t\t\t\t\t<a href=\"https:\/\/menshen.com\/de\/menschen\/neues-fuehrungskraefteteam-deutschland\/\" target=\"_self\" rel=\"bookmark noopener noreferrer\" class='uagb-image-ratio-inherit'><img loading=\"lazy\" decoding=\"async\" width=\"1024\" height=\"576\" src=\"https:\/\/menshen.com\/wp-content\/uploads\/2025\/09\/dp-menshen-post-featured-gerlt-2025-09-1024x576.jpg\" class=\"attachment-large size-large\" alt=\"\" srcset=\"https:\/\/menshen.com\/wp-content\/uploads\/2025\/09\/dp-menshen-post-featured-gerlt-2025-09-1024x576.jpg 1024w, https:\/\/menshen.com\/wp-content\/uploads\/2025\/09\/dp-menshen-post-featured-gerlt-2025-09-300x169.jpg 300w, https:\/\/menshen.com\/wp-content\/uploads\/2025\/09\/dp-menshen-post-featured-gerlt-2025-09-768x432.jpg 768w, https:\/\/menshen.com\/wp-content\/uploads\/2025\/09\/dp-menshen-post-featured-gerlt-2025-09-1536x864.jpg 1536w, https:\/\/menshen.com\/wp-content\/uploads\/2025\/09\/dp-menshen-post-featured-gerlt-2025-09-600x338.jpg 600w, https:\/\/menshen.com\/wp-content\/uploads\/2025\/09\/dp-menshen-post-featured-gerlt-2025-09.jpg 1920w\" sizes=\"auto, (max-width: 1024px) 100vw, 1024px\" \/>\t\t\t\t\t<\/a>\n\t\t\t\t\t\t\t<\/div>\n\t\t\t\t\t\t<h4 class=\"uagb-post__title uagb-post__text\">\n\t\t\t\t<a href=\"https:\/\/menshen.com\/de\/menschen\/neues-fuehrungskraefteteam-deutschland\/\" target=\"_self\" rel=\"bookmark noopener noreferrer\">Neues F\u00fchrungskr\u00e4fteteam Deutschland<\/a>\n\t\t\t<\/h4>\n\t\t\t\t\t\t<div class='uagb-post__text uagb-post-grid-byline'>\n\t\t\t\t\t\t\t<\/div>\n\t\t\t\t\t\t\t<div class='uagb-post__text uagb-post__excerpt'>\n\t\t\t\t\t<p>In einem 2-t\u00e4gigen F\u00fchrungsseminar hat das neue Team die Weichen gestellt, um auf die vielen&#8230;\t\t\t\t<\/div>\n\t\t\t\t\t\t<div class=\"uagb-post__text uagb-post__cta wp-block-button\">\n\t\t\t\t<a class=\"wp-block-button__link uagb-text-link\" style=\"\" href=\"https:\/\/menshen.com\/de\/menschen\/neues-fuehrungskraefteteam-deutschland\/\" target=\"_self\" rel=\"bookmark noopener noreferrer\">Weiterlesen<\/a>\n\t\t\t<\/div>\n\t\t\t\n\t\t\t\t\t\t\t\t\t<\/article>\n\t\t\t\t\t\t\t\t\t\t\t<\/div>\n\t\t\t","protected":false},"excerpt":{"rendered":"<p>\u201eBalthasar\u201c zu Besuch bei den MENSHEN-Bienen Im Rahmen der Spenden\u00fcbergabe von MENSHEN an das Kinder- und Jugendhospiz Balthasar im Januar (hier geht es zum Artikel) kam die Idee auf, die G\u00e4ste der Einrichtung, deren Geschwister und Eltern und nat\u00fcrlich auch das Personal von \u201eBalthasar\u201c zu einer Exkursion zu den Bienen einzuladen, die im letzten Jahr [&hellip;]<\/p>\n","protected":false},"author":5,"featured_media":5584,"comment_status":"closed","ping_status":"closed","sticky":false,"template":"","format":"image","meta":{"_acf_changed":false,"inline_featured_image":false,"_uag_custom_page_level_css":"","site-sidebar-layout":"","site-content-layout":"","ast-site-content-layout":"default","site-content-style":"default","site-sidebar-style":"default","ast-global-header-display":"","ast-banner-title-visibility":"","ast-main-header-display":"","ast-hfb-above-header-display":"","ast-hfb-below-header-display":"","ast-hfb-mobile-header-display":"","site-post-title":"disabled","ast-breadcrumbs-content":"","ast-featured-img":"disabled","footer-sml-layout":"","ast-disable-related-posts":"","theme-transparent-header-meta":"","adv-header-id-meta":"","stick-header-meta":"","header-above-stick-meta":"","header-main-stick-meta":"","header-below-stick-meta":"","astra-migrate-meta-layouts":"default","ast-page-background-enabled":"default","ast-page-background-meta":{"desktop":{"background-color":"var(--ast-global-color-4)","background-image":"","background-repeat":"repeat","background-position":"center center","background-size":"auto","background-attachment":"scroll","background-type":"","background-media":"","overlay-type":"","overlay-color":"","overlay-opacity":"","overlay-gradient":""},"tablet":{"background-color":"","background-image":"","background-repeat":"repeat","background-position":"center center","background-size":"auto","background-attachment":"scroll","background-type":"","background-media":"","overlay-type":"","overlay-color":"","overlay-opacity":"","overlay-gradient":""},"mobile":{"background-color":"","background-image":"","background-repeat":"repeat","background-position":"center center","background-size":"auto","background-attachment":"scroll","background-type":"","background-media":"","overlay-type":"","overlay-color":"","overlay-opacity":"","overlay-gradient":""}},"ast-content-background-meta":{"desktop":{"background-color":"var(--ast-global-color-5)","background-image":"","background-repeat":"repeat","background-position":"center center","background-size":"auto","background-attachment":"scroll","background-type":"","background-media":"","overlay-type":"","overlay-color":"","overlay-opacity":"","overlay-gradient":""},"tablet":{"background-color":"var(--ast-global-color-5)","background-image":"","background-repeat":"repeat","background-position":"center center","background-size":"auto","background-attachment":"scroll","background-type":"","background-media":"","overlay-type":"","overlay-color":"","overlay-opacity":"","overlay-gradient":""},"mobile":{"background-color":"var(--ast-global-color-5)","background-image":"","background-repeat":"repeat","background-position":"center center","background-size":"auto","background-attachment":"scroll","background-type":"","background-media":"","overlay-type":"","overlay-color":"","overlay-opacity":"","overlay-gradient":""}},"footnotes":""},"categories":[2,16,15,12],"tags":[],"class_list":["post-5578","post","type-post","status-publish","format-image","has-post-thumbnail","hentry","category-nachhaltigkeit","category-corporate-social-responsibility","category-menschen","category-unternehmen","post_format-post-format-image"],"acf":[],"uagb_featured_image_src":{"full":["https:\/\/menshen.com\/wp-content\/uploads\/2022\/07\/DSC_2171-web.jpg",960,540,false],"thumbnail":["https:\/\/menshen.com\/wp-content\/uploads\/2022\/07\/DSC_2171-web-150x150.jpg",150,150,true],"medium":["https:\/\/menshen.com\/wp-content\/uploads\/2022\/07\/DSC_2171-web-300x169.jpg",300,169,true],"medium_large":["https:\/\/menshen.com\/wp-content\/uploads\/2022\/07\/DSC_2171-web-768x432.jpg",768,432,true],"large":["https:\/\/menshen.com\/wp-content\/uploads\/2022\/07\/DSC_2171-web.jpg",960,540,false],"1536x1536":["https:\/\/menshen.com\/wp-content\/uploads\/2022\/07\/DSC_2171-web.jpg",960,540,false],"2048x2048":["https:\/\/menshen.com\/wp-content\/uploads\/2022\/07\/DSC_2171-web.jpg",960,540,false],"woocommerce_thumbnail":["https:\/\/menshen.com\/wp-content\/uploads\/2022\/07\/DSC_2171-web-300x169.jpg",300,169,true],"woocommerce_single":["https:\/\/menshen.com\/wp-content\/uploads\/2022\/07\/DSC_2171-web-600x338.jpg",600,338,true],"woocommerce_gallery_thumbnail":["https:\/\/menshen.com\/wp-content\/uploads\/2022\/07\/DSC_2171-web-100x100.jpg",100,100,true]},"uagb_author_info":{"display_name":"Menshen","author_link":"https:\/\/menshen.com\/de\/author\/cnoeh\/"},"uagb_comment_info":0,"uagb_excerpt":"\u201eBalthasar\u201c zu Besuch bei den MENSHEN-Bienen Im Rahmen der Spenden\u00fcbergabe von MENSHEN an das Kinder- und Jugendhospiz Balthasar im Januar (hier geht es zum Artikel) kam die Idee auf, die G\u00e4ste der Einrichtung, deren Geschwister und Eltern und nat\u00fcrlich auch das Personal von \u201eBalthasar\u201c zu einer Exkursion zu den Bienen einzuladen, die im letzten Jahr&hellip;","_links":{"self":[{"href":"https:\/\/menshen.com\/de\/wp-json\/wp\/v2\/posts\/5578","targetHints":{"allow":["GET"]}}],"collection":[{"href":"https:\/\/menshen.com\/de\/wp-json\/wp\/v2\/posts"}],"about":[{"href":"https:\/\/menshen.com\/de\/wp-json\/wp\/v2\/types\/post"}],"author":[{"embeddable":true,"href":"https:\/\/menshen.com\/de\/wp-json\/wp\/v2\/users\/5"}],"replies":[{"embeddable":true,"href":"https:\/\/menshen.com\/de\/wp-json\/wp\/v2\/comments?post=5578"}],"version-history":[{"count":9,"href":"https:\/\/menshen.com\/de\/wp-json\/wp\/v2\/posts\/5578\/revisions"}],"predecessor-version":[{"id":5603,"href":"https:\/\/menshen.com\/de\/wp-json\/wp\/v2\/posts\/5578\/revisions\/5603"}],"wp:featuredmedia":[{"embeddable":true,"href":"https:\/\/menshen.com\/de\/wp-json\/wp\/v2\/media\/5584"}],"wp:attachment":[{"href":"https:\/\/menshen.com\/de\/wp-json\/wp\/v2\/media?parent=5578"}],"wp:term":[{"taxonomy":"category","embeddable":true,"href":"https:\/\/menshen.com\/de\/wp-json\/wp\/v2\/categories?post=5578"},{"taxonomy":"post_tag","embeddable":true,"href":"https:\/\/menshen.com\/de\/wp-json\/wp\/v2\/tags?post=5578"}],"curies":[{"name":"wp","href":"https:\/\/api.w.org\/{rel}","templated":true}]}}